{"id":5165,"date":"2026-03-16T11:13:00","date_gmt":"2026-03-16T10:13:00","guid":{"rendered":"https:\/\/leo-foundation.org\/en\/?p=7508"},"modified":"2026-03-19T08:10:15","modified_gmt":"2026-03-19T07:10:15","slug":"leo-fondet-soeger-junior-analyst-til-kommunikation","status":"publish","type":"post","link":"https:\/\/leo-foundation.org\/da\/2026\/03\/16\/leo-fondet-soeger-junior-analyst-til-kommunikation\/","title":{"rendered":"LEO Fondet s\u00f8ger Junior Analyst til kommunikation"},"content":{"rendered":"\n<div class=\"wp-block-group is-style-pattern-leo-top-bottom\"><div class=\"wp-block-group__inner-container is-layout-flow wp-block-group-is-layout-flow\">\n<div class=\"wp-block-columns is-layout-flex wp-container-core-columns-is-layout-9d6595d7 wp-block-columns-is-layout-flex\">\n<div class=\"wp-block-column is-layout-flow wp-block-column-is-layout-flow\"><div class=\"text-cols text-cols-columns-1 text-cols align\" data-block_a311d4a40ea1f485f5f5defbd86b4e9f>\n  \n\n<div style=\"height:40px\" aria-hidden=\"true\" class=\"wp-block-spacer\"><\/div>\n\n\n\n<p><em>16. marts 2026<\/em><\/p>\n\n\n\n<h3 class=\"wp-block-heading\">Vil du arbejde med digital kommunikation, indholdsproduktion og analyse i en af Danmarks st\u00f8rste erhvervsdrivende fonde \u2013 og har du formidlingsevnerne i orden? Hos LEO Fondet s\u00f8ger vi en studerende til vores kommunikationsteam.<\/h3>\n\n\n\n<div style=\"height:20px\" aria-hidden=\"true\" class=\"wp-block-spacer\"><\/div>\n\n\n\n<p>Du bliver en vigtig del af et lille kommunikationsteam, hvor du arbejder med mange forskellige opgaver p\u00e5 tv\u00e6rs af Fondets aktiviteter \u2013 fra st\u00f8tte til international forskning til ejerskabet af medicinalvirksomheden LEO Pharma. F\u00e6lles for LEO Fondets arbejde er ambitionen om at g\u00f8re en forskel for mennesker, der lever med hudsygdomme.<\/p>\n\n\n\n<p>Du f\u00e5r ansvar for at producere og udvikle indhold p\u00e5 tv\u00e6rs af m\u00e5lgrupper og kanaler og bidrager med analyser og id\u00e9er til, hvordan vi kan udvikle vores indhold og formater.<\/p>\n\n\n\n<p><strong>Om jobbet:<\/strong><\/p>\n\n\n\n<p>Vi har blandt andet brug for din hj\u00e6lp til at:<\/p>\n\n\n\n<ul class=\"wp-block-list\">\n<li>producere indhold til hjemmeside (WordPress) og sociale medier \u2013 is\u00e6r LinkedIn<\/li>\n\n\n\n<li>analysere udviklingen i vores digitale kommunikation og oms\u00e6tte indsigter til forbedringer<\/li>\n\n\n\n<li>koordinere og holde overblik over vores SoMe-kalender<\/li>\n\n\n\n<li>opdatere, vedligeholde og udvikle vores website<\/li>\n\n\n\n<li>udvikle visuelt indhold i tr\u00e5d med vores visuelle identitet som grafik, infografikker og billeder (fx i Canva)<\/li>\n\n\n\n<li>vedligeholde vores kommunikationsv\u00e6rkt\u00f8jer, fx fotodatabase, designskabeloner og designmanual<\/li>\n\n\n\n<li>l\u00f8se forskellige ad hoc-opgaver.<\/li>\n<\/ul>\n\n\n\n<p>I teamet er vi en kommunikationschef og en kommunikationsr\u00e5dgiver \u2013 og dig. Du bliver en del af hverdagen i organisationen og deltager i f\u00e6llesm\u00f8der, faglige dr\u00f8ftelser og sociale aktiviteter med kolleger.<\/p>\n\n\n\n<p><strong>Om dig:<\/strong><\/p>\n\n\n\n<p>Du l\u00e6ser kommunikation eller lignende p\u00e5 bachelor- eller kandidatniveau og har gerne minimum 1\u00bd \u00e5r tilbage af studiet.<\/p>\n\n\n\n<p>Du:<\/p>\n\n\n\n<ul class=\"wp-block-list\">\n<li>er nysgerrig og reflekteret og bidrager med ideer og perspektiver til vores kommunikation<\/li>\n\n\n\n<li>kan producere engagerede indhold til digitale kanaler \u2013 tekst, grafik og video<\/li>\n\n\n\n<li>arbejder struktureret og har blik for detaljer, s\u00e5 indhold, deadlines og information p\u00e5 vores kanaler altid er opdaterede<\/li>\n\n\n\n<li>trives med at balancere kreative opgaver med koordinering og praktik<\/li>\n\n\n\n<li>har en analytisk tilgang og interesse for at forst\u00e5, hvordan kommunikation skaber opm\u00e6rksomhed og engagement<\/li>\n\n\n\n<li>har st\u00e6rke skriftlige kommunikationsevner p\u00e5 engelsk.<\/li>\n<\/ul>\n\n\n\n<p><strong>Du f\u00e5r:<\/strong><\/p>\n\n\n\n<ul class=\"wp-block-list\">\n<li>mulighed for at arbejde praktisk og analytisk med digital kommunikation<\/li>\n\n\n\n<li>indblik i de strategiske overvejelser bag Fondets kommunikation<\/li>\n\n\n\n<li>en central rolle i et lille team med ansvar for egne opgaver<\/li>\n\n\n\n<li>erfarne og engagerede kolleger, der sparrer og deler viden<\/li>\n\n\n\n<li>en fleksibel arbejdsplads med en uformel tone.<\/li>\n<\/ul>\n\n\n\n<p>Vi holder til p\u00e5 Lautrupsgade 7 i Nordhavn i K\u00f8benhavn.<\/p>\n\n\n\n<p>Vi har brug for dig ca. 15 timer om ugen. Arbejdstid og dage aftaler vi n\u00e6rmere, men vi er fleksible og tager naturligvis hensyn til dit studie.<\/p>\n\n\n\n<p><strong>S\u00e5dan s\u00f8ger du<\/strong><\/p>\n\n\n\n<p>Send din ans\u00f8gning samt CV \u2013 begge dele p\u00e5 engelsk \u2013 til&nbsp;<a href=\"mailto:communication@leo-foundation.org\">communication@leo-foundation.org<\/a>. <br><strong>Deadline for ans\u00f8gning er den 12. april 2026.<\/strong> Vi holder samtaler l\u00f8bende.<\/p>\n\n\n\n<p>Hvis du har konkrete sp\u00f8rgsm\u00e5l til stillingen, er du velkommen til at kontakte vores nuv\u00e6rende Junior Analyst Line Elkj\u00e6r Christiansen. Send hende en mail p\u00e5 <a href=\"mailto:line.christiansen@leo-foundation.org\">line.christiansen@leo-foundation.org<\/a> med din kontaktinfo, s\u00e5 ringer hun dig op. Du kan ogs\u00e5 kontakte kommunikationschef Signe Krabek p\u00e5 +45 2049 6869.<\/p>\n\n\n\n<p>Forventet ans\u00e6ttelsesstart: senest 1. juni 2026. Du vil overlappe med vores nuv\u00e6rende, dygtige Junior Analyst.<\/p>\n\n\n\n<div style=\"height:46px\" aria-hidden=\"true\" class=\"wp-block-spacer\"><\/div>\n\n\n\n<p><em>Information om, hvordan vi behandler persondata i forbindelse med jobans\u00f8gninger, findes her:&nbsp;<\/em><a href=\"http:\/\/www.leo-foundation.org\/en\/privacy-policy\/\"><strong><em>www.leo-foundation.org\/en\/privacy-policy\/<\/em><\/strong><\/a><\/p>\n\n\n\n<div style=\"height:85px\" aria-hidden=\"true\" class=\"wp-block-spacer\"><\/div>\n\n\n<\/div>\n\n<style type=\"text\/css\">\n  [data-block_a311d4a40ea1f485f5f5defbd86b4e9f] p {\n    column-count: 1;\n    column-gap: 30px;\n  }\n<\/style>\n<\/div>\n<\/div>\n<\/div><\/div>\n","protected":false},"excerpt":{"rendered":"<p>Vil du arbejde med digital kommunikation, indholdsproduktion og analyse i en af Danmarks st\u00f8rste erhvervsdrivende fonde \u2013 og har du formidlingsevnerne i orden? Hos LEO Fondet s\u00f8ger vi en studerende til vores kommunikationsteam.<\/p>\n","protected":false},"author":4,"featured_media":5167,"comment_status":"closed","ping_status":"closed","sticky":false,"template":"","format":"standard","meta":{"_acf_changed":false,"inline_featured_image":false,"footnotes":""},"categories":[17],"tags":[],"class_list":["post-5165","post","type-post","status-publish","format-standard","has-post-thumbnail","hentry","category-news"],"acf":[],"yoast_head":"<!-- This site is optimized with the Yoast SEO plugin v27.4 - https:\/\/yoast.com\/product\/yoast-seo-wordpress\/ -->\n<title>LEO Fondet s\u00f8ger Junior Analyst til kommunikation<\/title>\n<meta name=\"description\" content=\"Vil du arbejde med digital kommunikation, indholdsproduktion og analyse i en af Danmarks st\u00f8rste erhvervsdrivende fonde \u2013 og har du formidlingsevnerne i orden? Hos LEO Fondet s\u00f8ger vi en studerende til vores kommunikationsteam.\" \/>\n<meta name=\"robots\" content=\"index, follow, max-snippet:-1, max-image-preview:large, max-video-preview:-1\" \/>\n<link rel=\"canonical\" href=\"https:\/\/leo-foundation.org\/da\/2026\/03\/16\/leo-fondet-soeger-junior-analyst-til-kommunikation\/\" \/>\n<meta property=\"og:locale\" content=\"da_DK\" \/>\n<meta property=\"og:type\" content=\"article\" \/>\n<meta property=\"og:title\" content=\"LEO Fondet s\u00f8ger Junior Analyst til kommunikation\" \/>\n<meta property=\"og:description\" content=\"Vil du arbejde med digital kommunikation, indholdsproduktion og analyse i en af Danmarks st\u00f8rste erhvervsdrivende fonde \u2013 og har du formidlingsevnerne i orden? Hos LEO Fondet s\u00f8ger vi en studerende til vores kommunikationsteam.\" \/>\n<meta property=\"og:url\" content=\"https:\/\/leo-foundation.org\/da\/2026\/03\/16\/leo-fondet-soeger-junior-analyst-til-kommunikation\/\" \/>\n<meta property=\"og:site_name\" content=\"LEO Fondet\" \/>\n<meta property=\"article:published_time\" content=\"2026-03-16T10:13:00+00:00\" \/>\n<meta property=\"article:modified_time\" content=\"2026-03-19T07:10:15+00:00\" \/>\n<meta property=\"og:image\" content=\"https:\/\/leo-foundation.org\/da\/wp-content\/uploads\/2026\/03\/DSC09191-1200px.jpg\" \/>\n\t<meta property=\"og:image:width\" content=\"1200\" \/>\n\t<meta property=\"og:image:height\" content=\"857\" \/>\n\t<meta property=\"og:image:type\" content=\"image\/jpeg\" \/>\n<meta name=\"author\" content=\"signe\" \/>\n<meta name=\"twitter:card\" content=\"summary_large_image\" \/>\n<meta name=\"twitter:label1\" content=\"Skrevet af\" \/>\n\t<meta name=\"twitter:data1\" content=\"signe\" \/>\n\t<meta name=\"twitter:label2\" content=\"Estimeret l\u00e6setid\" \/>\n\t<meta name=\"twitter:data2\" content=\"3 minutter\" \/>\n<script type=\"application\/ld+json\" class=\"yoast-schema-graph\">{\"@context\":\"https:\\\/\\\/schema.org\",\"@graph\":[{\"@type\":\"Article\",\"@id\":\"https:\\\/\\\/leo-foundation.org\\\/da\\\/2026\\\/03\\\/16\\\/leo-fondet-soeger-junior-analyst-til-kommunikation\\\/#article\",\"isPartOf\":{\"@id\":\"https:\\\/\\\/leo-foundation.org\\\/da\\\/2026\\\/03\\\/16\\\/leo-fondet-soeger-junior-analyst-til-kommunikation\\\/\"},\"author\":{\"name\":\"signe\",\"@id\":\"https:\\\/\\\/leo-foundation.org\\\/da\\\/#\\\/schema\\\/person\\\/3b6acb35625fa72a6925067acbb019e3\"},\"headline\":\"LEO Fondet s\u00f8ger Junior Analyst til kommunikation\",\"datePublished\":\"2026-03-16T10:13:00+00:00\",\"dateModified\":\"2026-03-19T07:10:15+00:00\",\"mainEntityOfPage\":{\"@id\":\"https:\\\/\\\/leo-foundation.org\\\/da\\\/2026\\\/03\\\/16\\\/leo-fondet-soeger-junior-analyst-til-kommunikation\\\/\"},\"wordCount\":544,\"image\":{\"@id\":\"https:\\\/\\\/leo-foundation.org\\\/da\\\/2026\\\/03\\\/16\\\/leo-fondet-soeger-junior-analyst-til-kommunikation\\\/#primaryimage\"},\"thumbnailUrl\":\"https:\\\/\\\/leo-foundation.org\\\/da\\\/wp-content\\\/uploads\\\/2023\\\/03\\\/gardenly-FSHfHqkDF7c-unsplash-scaled-e1773670414414.jpg\",\"articleSection\":[\"News\"],\"inLanguage\":\"da-DK\"},{\"@type\":\"WebPage\",\"@id\":\"https:\\\/\\\/leo-foundation.org\\\/da\\\/2026\\\/03\\\/16\\\/leo-fondet-soeger-junior-analyst-til-kommunikation\\\/\",\"url\":\"https:\\\/\\\/leo-foundation.org\\\/da\\\/2026\\\/03\\\/16\\\/leo-fondet-soeger-junior-analyst-til-kommunikation\\\/\",\"name\":\"LEO Fondet s\u00f8ger Junior Analyst til kommunikation\",\"isPartOf\":{\"@id\":\"https:\\\/\\\/leo-foundation.org\\\/da\\\/#website\"},\"primaryImageOfPage\":{\"@id\":\"https:\\\/\\\/leo-foundation.org\\\/da\\\/2026\\\/03\\\/16\\\/leo-fondet-soeger-junior-analyst-til-kommunikation\\\/#primaryimage\"},\"image\":{\"@id\":\"https:\\\/\\\/leo-foundation.org\\\/da\\\/2026\\\/03\\\/16\\\/leo-fondet-soeger-junior-analyst-til-kommunikation\\\/#primaryimage\"},\"thumbnailUrl\":\"https:\\\/\\\/leo-foundation.org\\\/da\\\/wp-content\\\/uploads\\\/2023\\\/03\\\/gardenly-FSHfHqkDF7c-unsplash-scaled-e1773670414414.jpg\",\"datePublished\":\"2026-03-16T10:13:00+00:00\",\"dateModified\":\"2026-03-19T07:10:15+00:00\",\"author\":{\"@id\":\"https:\\\/\\\/leo-foundation.org\\\/da\\\/#\\\/schema\\\/person\\\/3b6acb35625fa72a6925067acbb019e3\"},\"description\":\"Vil du arbejde med digital kommunikation, indholdsproduktion og analyse i en af Danmarks st\u00f8rste erhvervsdrivende fonde \u2013 og har du formidlingsevnerne i orden? Hos LEO Fondet s\u00f8ger vi en studerende til vores kommunikationsteam.\",\"breadcrumb\":{\"@id\":\"https:\\\/\\\/leo-foundation.org\\\/da\\\/2026\\\/03\\\/16\\\/leo-fondet-soeger-junior-analyst-til-kommunikation\\\/#breadcrumb\"},\"inLanguage\":\"da-DK\",\"potentialAction\":[{\"@type\":\"ReadAction\",\"target\":[\"https:\\\/\\\/leo-foundation.org\\\/da\\\/2026\\\/03\\\/16\\\/leo-fondet-soeger-junior-analyst-til-kommunikation\\\/\"]}]},{\"@type\":\"ImageObject\",\"inLanguage\":\"da-DK\",\"@id\":\"https:\\\/\\\/leo-foundation.org\\\/da\\\/2026\\\/03\\\/16\\\/leo-fondet-soeger-junior-analyst-til-kommunikation\\\/#primaryimage\",\"url\":\"https:\\\/\\\/leo-foundation.org\\\/da\\\/wp-content\\\/uploads\\\/2023\\\/03\\\/gardenly-FSHfHqkDF7c-unsplash-scaled-e1773670414414.jpg\",\"contentUrl\":\"https:\\\/\\\/leo-foundation.org\\\/da\\\/wp-content\\\/uploads\\\/2023\\\/03\\\/gardenly-FSHfHqkDF7c-unsplash-scaled-e1773670414414.jpg\",\"width\":1200,\"height\":522},{\"@type\":\"BreadcrumbList\",\"@id\":\"https:\\\/\\\/leo-foundation.org\\\/da\\\/2026\\\/03\\\/16\\\/leo-fondet-soeger-junior-analyst-til-kommunikation\\\/#breadcrumb\",\"itemListElement\":[{\"@type\":\"ListItem\",\"position\":1,\"name\":\"Forside\",\"item\":\"https:\\\/\\\/leo-foundation.org\\\/da\\\/\"},{\"@type\":\"ListItem\",\"position\":2,\"name\":\"LEO Fondet s\u00f8ger Junior Analyst til kommunikation\"}]},{\"@type\":\"WebSite\",\"@id\":\"https:\\\/\\\/leo-foundation.org\\\/da\\\/#website\",\"url\":\"https:\\\/\\\/leo-foundation.org\\\/da\\\/\",\"name\":\"LEO Fondet\",\"description\":\"Endnu en WordPress-blog\",\"potentialAction\":[{\"@type\":\"SearchAction\",\"target\":{\"@type\":\"EntryPoint\",\"urlTemplate\":\"https:\\\/\\\/leo-foundation.org\\\/da\\\/?s={search_term_string}\"},\"query-input\":{\"@type\":\"PropertyValueSpecification\",\"valueRequired\":true,\"valueName\":\"search_term_string\"}}],\"inLanguage\":\"da-DK\"},{\"@type\":\"Person\",\"@id\":\"https:\\\/\\\/leo-foundation.org\\\/da\\\/#\\\/schema\\\/person\\\/3b6acb35625fa72a6925067acbb019e3\",\"name\":\"signe\",\"image\":{\"@type\":\"ImageObject\",\"inLanguage\":\"da-DK\",\"@id\":\"https:\\\/\\\/secure.gravatar.com\\\/avatar\\\/bbdf2b5401cc1716c74fa555bf518a86ef8f041c879b444886de237aa0e61ca7?s=96&d=mm&r=g\",\"url\":\"https:\\\/\\\/secure.gravatar.com\\\/avatar\\\/bbdf2b5401cc1716c74fa555bf518a86ef8f041c879b444886de237aa0e61ca7?s=96&d=mm&r=g\",\"contentUrl\":\"https:\\\/\\\/secure.gravatar.com\\\/avatar\\\/bbdf2b5401cc1716c74fa555bf518a86ef8f041c879b444886de237aa0e61ca7?s=96&d=mm&r=g\",\"caption\":\"signe\"}}]}<\/script>\n<!-- \/ Yoast SEO plugin. -->","yoast_head_json":{"title":"LEO Fondet s\u00f8ger Junior Analyst til kommunikation","description":"Vil du arbejde med digital kommunikation, indholdsproduktion og analyse i en af Danmarks st\u00f8rste erhvervsdrivende fonde \u2013 og har du formidlingsevnerne i orden? Hos LEO Fondet s\u00f8ger vi en studerende til vores kommunikationsteam.","robots":{"index":"index","follow":"follow","max-snippet":"max-snippet:-1","max-image-preview":"max-image-preview:large","max-video-preview":"max-video-preview:-1"},"canonical":"https:\/\/leo-foundation.org\/da\/2026\/03\/16\/leo-fondet-soeger-junior-analyst-til-kommunikation\/","og_locale":"da_DK","og_type":"article","og_title":"LEO Fondet s\u00f8ger Junior Analyst til kommunikation","og_description":"Vil du arbejde med digital kommunikation, indholdsproduktion og analyse i en af Danmarks st\u00f8rste erhvervsdrivende fonde \u2013 og har du formidlingsevnerne i orden? Hos LEO Fondet s\u00f8ger vi en studerende til vores kommunikationsteam.","og_url":"https:\/\/leo-foundation.org\/da\/2026\/03\/16\/leo-fondet-soeger-junior-analyst-til-kommunikation\/","og_site_name":"LEO Fondet","article_published_time":"2026-03-16T10:13:00+00:00","article_modified_time":"2026-03-19T07:10:15+00:00","og_image":[{"width":1200,"height":857,"url":"https:\/\/leo-foundation.org\/da\/wp-content\/uploads\/2026\/03\/DSC09191-1200px.jpg","type":"image\/jpeg"}],"author":"signe","twitter_card":"summary_large_image","twitter_misc":{"Skrevet af":"signe","Estimeret l\u00e6setid":"3 minutter"},"schema":{"@context":"https:\/\/schema.org","@graph":[{"@type":"Article","@id":"https:\/\/leo-foundation.org\/da\/2026\/03\/16\/leo-fondet-soeger-junior-analyst-til-kommunikation\/#article","isPartOf":{"@id":"https:\/\/leo-foundation.org\/da\/2026\/03\/16\/leo-fondet-soeger-junior-analyst-til-kommunikation\/"},"author":{"name":"signe","@id":"https:\/\/leo-foundation.org\/da\/#\/schema\/person\/3b6acb35625fa72a6925067acbb019e3"},"headline":"LEO Fondet s\u00f8ger Junior Analyst til kommunikation","datePublished":"2026-03-16T10:13:00+00:00","dateModified":"2026-03-19T07:10:15+00:00","mainEntityOfPage":{"@id":"https:\/\/leo-foundation.org\/da\/2026\/03\/16\/leo-fondet-soeger-junior-analyst-til-kommunikation\/"},"wordCount":544,"image":{"@id":"https:\/\/leo-foundation.org\/da\/2026\/03\/16\/leo-fondet-soeger-junior-analyst-til-kommunikation\/#primaryimage"},"thumbnailUrl":"https:\/\/leo-foundation.org\/da\/wp-content\/uploads\/2023\/03\/gardenly-FSHfHqkDF7c-unsplash-scaled-e1773670414414.jpg","articleSection":["News"],"inLanguage":"da-DK"},{"@type":"WebPage","@id":"https:\/\/leo-foundation.org\/da\/2026\/03\/16\/leo-fondet-soeger-junior-analyst-til-kommunikation\/","url":"https:\/\/leo-foundation.org\/da\/2026\/03\/16\/leo-fondet-soeger-junior-analyst-til-kommunikation\/","name":"LEO Fondet s\u00f8ger Junior Analyst til kommunikation","isPartOf":{"@id":"https:\/\/leo-foundation.org\/da\/#website"},"primaryImageOfPage":{"@id":"https:\/\/leo-foundation.org\/da\/2026\/03\/16\/leo-fondet-soeger-junior-analyst-til-kommunikation\/#primaryimage"},"image":{"@id":"https:\/\/leo-foundation.org\/da\/2026\/03\/16\/leo-fondet-soeger-junior-analyst-til-kommunikation\/#primaryimage"},"thumbnailUrl":"https:\/\/leo-foundation.org\/da\/wp-content\/uploads\/2023\/03\/gardenly-FSHfHqkDF7c-unsplash-scaled-e1773670414414.jpg","datePublished":"2026-03-16T10:13:00+00:00","dateModified":"2026-03-19T07:10:15+00:00","author":{"@id":"https:\/\/leo-foundation.org\/da\/#\/schema\/person\/3b6acb35625fa72a6925067acbb019e3"},"description":"Vil du arbejde med digital kommunikation, indholdsproduktion og analyse i en af Danmarks st\u00f8rste erhvervsdrivende fonde \u2013 og har du formidlingsevnerne i orden? Hos LEO Fondet s\u00f8ger vi en studerende til vores kommunikationsteam.","breadcrumb":{"@id":"https:\/\/leo-foundation.org\/da\/2026\/03\/16\/leo-fondet-soeger-junior-analyst-til-kommunikation\/#breadcrumb"},"inLanguage":"da-DK","potentialAction":[{"@type":"ReadAction","target":["https:\/\/leo-foundation.org\/da\/2026\/03\/16\/leo-fondet-soeger-junior-analyst-til-kommunikation\/"]}]},{"@type":"ImageObject","inLanguage":"da-DK","@id":"https:\/\/leo-foundation.org\/da\/2026\/03\/16\/leo-fondet-soeger-junior-analyst-til-kommunikation\/#primaryimage","url":"https:\/\/leo-foundation.org\/da\/wp-content\/uploads\/2023\/03\/gardenly-FSHfHqkDF7c-unsplash-scaled-e1773670414414.jpg","contentUrl":"https:\/\/leo-foundation.org\/da\/wp-content\/uploads\/2023\/03\/gardenly-FSHfHqkDF7c-unsplash-scaled-e1773670414414.jpg","width":1200,"height":522},{"@type":"BreadcrumbList","@id":"https:\/\/leo-foundation.org\/da\/2026\/03\/16\/leo-fondet-soeger-junior-analyst-til-kommunikation\/#breadcrumb","itemListElement":[{"@type":"ListItem","position":1,"name":"Forside","item":"https:\/\/leo-foundation.org\/da\/"},{"@type":"ListItem","position":2,"name":"LEO Fondet s\u00f8ger Junior Analyst til kommunikation"}]},{"@type":"WebSite","@id":"https:\/\/leo-foundation.org\/da\/#website","url":"https:\/\/leo-foundation.org\/da\/","name":"LEO Fondet","description":"Endnu en WordPress-blog","potentialAction":[{"@type":"SearchAction","target":{"@type":"EntryPoint","urlTemplate":"https:\/\/leo-foundation.org\/da\/?s={search_term_string}"},"query-input":{"@type":"PropertyValueSpecification","valueRequired":true,"valueName":"search_term_string"}}],"inLanguage":"da-DK"},{"@type":"Person","@id":"https:\/\/leo-foundation.org\/da\/#\/schema\/person\/3b6acb35625fa72a6925067acbb019e3","name":"signe","image":{"@type":"ImageObject","inLanguage":"da-DK","@id":"https:\/\/secure.gravatar.com\/avatar\/bbdf2b5401cc1716c74fa555bf518a86ef8f041c879b444886de237aa0e61ca7?s=96&d=mm&r=g","url":"https:\/\/secure.gravatar.com\/avatar\/bbdf2b5401cc1716c74fa555bf518a86ef8f041c879b444886de237aa0e61ca7?s=96&d=mm&r=g","contentUrl":"https:\/\/secure.gravatar.com\/avatar\/bbdf2b5401cc1716c74fa555bf518a86ef8f041c879b444886de237aa0e61ca7?s=96&d=mm&r=g","caption":"signe"}}]}},"distributor_meta":false,"distributor_terms":false,"distributor_media":false,"distributor_original_site_name":"LEO Fondet","distributor_original_site_url":"https:\/\/leo-foundation.org\/da","push-errors":false,"_links":{"self":[{"href":"https:\/\/leo-foundation.org\/da\/wp-json\/wp\/v2\/posts\/5165","targetHints":{"allow":["GET"]}}],"collection":[{"href":"https:\/\/leo-foundation.org\/da\/wp-json\/wp\/v2\/posts"}],"about":[{"href":"https:\/\/leo-foundation.org\/da\/wp-json\/wp\/v2\/types\/post"}],"author":[{"embeddable":true,"href":"https:\/\/leo-foundation.org\/da\/wp-json\/wp\/v2\/users\/4"}],"replies":[{"embeddable":true,"href":"https:\/\/leo-foundation.org\/da\/wp-json\/wp\/v2\/comments?post=5165"}],"version-history":[{"count":10,"href":"https:\/\/leo-foundation.org\/da\/wp-json\/wp\/v2\/posts\/5165\/revisions"}],"predecessor-version":[{"id":7161,"href":"https:\/\/leo-foundation.org\/da\/wp-json\/wp\/v2\/posts\/5165\/revisions\/7161"}],"wp:featuredmedia":[{"embeddable":true,"href":"https:\/\/leo-foundation.org\/da\/wp-json\/wp\/v2\/media\/5167"}],"wp:attachment":[{"href":"https:\/\/leo-foundation.org\/da\/wp-json\/wp\/v2\/media?parent=5165"}],"wp:term":[{"taxonomy":"category","embeddable":true,"href":"https:\/\/leo-foundation.org\/da\/wp-json\/wp\/v2\/categories?post=5165"},{"taxonomy":"post_tag","embeddable":true,"href":"https:\/\/leo-foundation.org\/da\/wp-json\/wp\/v2\/tags?post=5165"}],"curies":[{"name":"wp","href":"https:\/\/api.w.org\/{rel}","templated":true}]}}